{"id":40653,"date":"2018-03-29T16:16:27","date_gmt":"2018-03-29T19:16:27","guid":{"rendered":"http:\/\/camilacoelho.localhost\/pt-br\/2018\/03\/29\/english-video-grwm-meu-aniversario-em-paris\/"},"modified":"2020-06-15T14:44:59","modified_gmt":"2020-06-15T17:44:59","slug":"english-video-grwm-meu-aniversario-em-paris","status":"publish","type":"post","link":"https:\/\/camilacoelho.com\/pt-br\/2018\/03\/29\/english-video-grwm-meu-aniversario-em-paris\/","title":{"rendered":"English Video: GRWM Meu Anivers\u00e1rio em Paris"},"content":{"rendered":"<p>Meus amores!<\/p>\n<p>Como havia prometido, gravei um Vlog para voc\u00eas durante os meus dias em Paris para semana de moda. Este Vlog \u00e9 t\u00e3o especial para mim porque foi meu anivers\u00e1rio de 30 anos e caiu bem no dia do Show de Dior! Tive tantas surpresas lindas e inesquec\u00edveis! Espero muito que gostem!<\/p>\n<p><iframe loading=\"lazy\" src=\"https:\/\/www.youtube.com\/embed\/2m5EyeLG8GI\" width=\"750\" height=\"422\" frameborder=\"0\" allowfullscreen=\"allowfullscreen\"><\/iframe><\/p>\n","protected":false},"excerpt":{"rendered":"<p>Meus amores! Como havia prometido, gravei um Vlog para voc\u00eas durante os meus dias em Paris para semana de moda. Este Vlog \u00e9 t\u00e3o especial para mim porque foi meu anivers\u00e1rio de 30 anos e caiu bem no dia do Show de Dior! Tive tantas surpresas lindas e inesquec\u00edveis! Espero muito que gostem!<\/p>\n","protected":false},"author":1,"featured_media":35889,"comment_status":"open","ping_status":"open","sticky":false,"template":"","format":"video","meta":{"_acf_changed":false,"footnotes":""},"categories":[1970,7,1940,1941],"tags":[510,377,1382,2065,281,2236,1364,2736,1091,376,2108],"class_list":["post-40653","post","type-post","status-publish","format-video","has-post-thumbnail","hentry","category-beleza","category-moda","category-video-pt-br","category-vlog-pt-br","tag-aniversario-2","tag-dior","tag-dior-show","tag-english-video-pt-br-2","tag-fashion-2","tag-fashion-pt-br","tag-grwm","tag-grwm-pt-br-2","tag-paris","tag-paris-fashion-week","tag-vlog-pt-br-2","post_format-post-format-video"],"acf":[],"yoast_head":"<!-- This site is optimized with the Yoast SEO plugin v27.4 - https:\/\/yoast.com\/product\/yoast-seo-wordpress\/ -->\n<title>English Video: GRWM Meu Anivers\u00e1rio em Paris | Camila Coelho<\/title>\n<meta name=\"robots\" content=\"index, follow, max-snippet:-1, max-image-preview:large, max-video-preview:-1\" \/>\n<link rel=\"canonical\" href=\"https:\/\/camilacoelho.com\/pt-br\/2018\/03\/29\/english-video-grwm-meu-aniversario-em-paris\/\" \/>\n<meta property=\"og:locale\" content=\"pt_BR\" \/>\n<meta property=\"og:type\" content=\"article\" \/>\n<meta property=\"og:title\" content=\"English Video: GRWM Meu Anivers\u00e1rio em Paris | Camila Coelho\" \/>\n<meta property=\"og:description\" content=\"Meus amores! Como havia prometido, gravei um Vlog para voc\u00eas durante os meus dias em Paris para semana de moda. Este Vlog \u00e9 t\u00e3o especial para mim porque foi meu anivers\u00e1rio de 30 anos e caiu bem no dia do Show de Dior! Tive tantas surpresas lindas e inesquec\u00edveis! Espero muito que gostem!\" \/>\n<meta property=\"og:url\" content=\"https:\/\/camilacoelho.com\/pt-br\/2018\/03\/29\/english-video-grwm-meu-aniversario-em-paris\/\" \/>\n<meta property=\"og:site_name\" content=\"Camila Coelho\" \/>\n<meta property=\"article:publisher\" content=\"https:\/\/www.facebook.com\/pages\/Camila-Figueiredo-Coelho\/161758410553702\" \/>\n<meta property=\"article:published_time\" content=\"2018-03-29T19:16:27+00:00\" \/>\n<meta property=\"article:modified_time\" content=\"2020-06-15T17:44:59+00:00\" \/>\n<meta property=\"og:image\" content=\"https:\/\/camilacoelho.com\/wp-content\/uploads\/2018\/03\/0-5.jpg\" \/>\n\t<meta property=\"og:image:width\" content=\"480\" \/>\n\t<meta property=\"og:image:height\" content=\"360\" \/>\n\t<meta property=\"og:image:type\" content=\"image\/jpeg\" \/>\n<meta name=\"author\" content=\"Camila Coelho\" \/>\n<meta name=\"twitter:card\" content=\"summary_large_image\" \/>\n<meta name=\"twitter:creator\" content=\"@camilacoelho\" \/>\n<meta name=\"twitter:site\" content=\"@camilacoelho\" \/>\n<meta name=\"twitter:label1\" content=\"Escrito por\" \/>\n\t<meta name=\"twitter:data1\" content=\"Camila Coelho\" \/>\n<script type=\"application\/ld+json\" class=\"yoast-schema-graph\">{\"@context\":\"https:\\\/\\\/schema.org\",\"@graph\":[{\"@type\":\"Article\",\"@id\":\"https:\\\/\\\/camilacoelho.com\\\/pt-br\\\/2018\\\/03\\\/29\\\/english-video-grwm-meu-aniversario-em-paris\\\/#article\",\"isPartOf\":{\"@id\":\"https:\\\/\\\/camilacoelho.com\\\/pt-br\\\/2018\\\/03\\\/29\\\/english-video-grwm-meu-aniversario-em-paris\\\/\"},\"author\":{\"name\":\"Camila Coelho\",\"@id\":\"https:\\\/\\\/camilacoelho.com\\\/pt-br\\\/#\\\/schema\\\/person\\\/d97decf4122f14c629015116b53f9169\"},\"headline\":\"English Video: GRWM Meu Anivers\u00e1rio em Paris\",\"datePublished\":\"2018-03-29T19:16:27+00:00\",\"dateModified\":\"2020-06-15T17:44:59+00:00\",\"mainEntityOfPage\":{\"@id\":\"https:\\\/\\\/camilacoelho.com\\\/pt-br\\\/2018\\\/03\\\/29\\\/english-video-grwm-meu-aniversario-em-paris\\\/\"},\"wordCount\":63,\"commentCount\":0,\"image\":{\"@id\":\"https:\\\/\\\/camilacoelho.com\\\/pt-br\\\/2018\\\/03\\\/29\\\/english-video-grwm-meu-aniversario-em-paris\\\/#primaryimage\"},\"thumbnailUrl\":\"https:\\\/\\\/camilacoelho.com\\\/wp-content\\\/uploads\\\/2018\\\/03\\\/0-5.jpg\",\"keywords\":[\"anivers\u00e1rio\",\"Dior\",\"Dior show\",\"english video\",\"Fashion\",\"Fashion\",\"GRWM\",\"GRWM\",\"Paris\",\"Paris Fashion Week\",\"Vlog\"],\"articleSection\":[\"Beleza\",\"Moda\",\"Video\",\"Vlog\"],\"inLanguage\":\"pt-BR\",\"potentialAction\":[{\"@type\":\"CommentAction\",\"name\":\"Comment\",\"target\":[\"https:\\\/\\\/camilacoelho.com\\\/pt-br\\\/2018\\\/03\\\/29\\\/english-video-grwm-meu-aniversario-em-paris\\\/#respond\"]}]},{\"@type\":\"WebPage\",\"@id\":\"https:\\\/\\\/camilacoelho.com\\\/pt-br\\\/2018\\\/03\\\/29\\\/english-video-grwm-meu-aniversario-em-paris\\\/\",\"url\":\"https:\\\/\\\/camilacoelho.com\\\/pt-br\\\/2018\\\/03\\\/29\\\/english-video-grwm-meu-aniversario-em-paris\\\/\",\"name\":\"English Video: GRWM Meu Anivers\u00e1rio em Paris | Camila Coelho\",\"isPartOf\":{\"@id\":\"https:\\\/\\\/camilacoelho.com\\\/pt-br\\\/#website\"},\"primaryImageOfPage\":{\"@id\":\"https:\\\/\\\/camilacoelho.com\\\/pt-br\\\/2018\\\/03\\\/29\\\/english-video-grwm-meu-aniversario-em-paris\\\/#primaryimage\"},\"image\":{\"@id\":\"https:\\\/\\\/camilacoelho.com\\\/pt-br\\\/2018\\\/03\\\/29\\\/english-video-grwm-meu-aniversario-em-paris\\\/#primaryimage\"},\"thumbnailUrl\":\"https:\\\/\\\/camilacoelho.com\\\/wp-content\\\/uploads\\\/2018\\\/03\\\/0-5.jpg\",\"datePublished\":\"2018-03-29T19:16:27+00:00\",\"dateModified\":\"2020-06-15T17:44:59+00:00\",\"author\":{\"@id\":\"https:\\\/\\\/camilacoelho.com\\\/pt-br\\\/#\\\/schema\\\/person\\\/d97decf4122f14c629015116b53f9169\"},\"breadcrumb\":{\"@id\":\"https:\\\/\\\/camilacoelho.com\\\/pt-br\\\/2018\\\/03\\\/29\\\/english-video-grwm-meu-aniversario-em-paris\\\/#breadcrumb\"},\"inLanguage\":\"pt-BR\",\"potentialAction\":[{\"@type\":\"ReadAction\",\"target\":[\"https:\\\/\\\/camilacoelho.com\\\/pt-br\\\/2018\\\/03\\\/29\\\/english-video-grwm-meu-aniversario-em-paris\\\/\"]}]},{\"@type\":\"ImageObject\",\"inLanguage\":\"pt-BR\",\"@id\":\"https:\\\/\\\/camilacoelho.com\\\/pt-br\\\/2018\\\/03\\\/29\\\/english-video-grwm-meu-aniversario-em-paris\\\/#primaryimage\",\"url\":\"https:\\\/\\\/camilacoelho.com\\\/wp-content\\\/uploads\\\/2018\\\/03\\\/0-5.jpg\",\"contentUrl\":\"https:\\\/\\\/camilacoelho.com\\\/wp-content\\\/uploads\\\/2018\\\/03\\\/0-5.jpg\",\"width\":480,\"height\":360},{\"@type\":\"BreadcrumbList\",\"@id\":\"https:\\\/\\\/camilacoelho.com\\\/pt-br\\\/2018\\\/03\\\/29\\\/english-video-grwm-meu-aniversario-em-paris\\\/#breadcrumb\",\"itemListElement\":[{\"@type\":\"ListItem\",\"position\":1,\"name\":\"In\u00edcio\",\"item\":\"https:\\\/\\\/camilacoelho.com\\\/pt-br\\\/\"},{\"@type\":\"ListItem\",\"position\":2,\"name\":\"English Video: GRWM Meu Anivers\u00e1rio em Paris\"}]},{\"@type\":\"WebSite\",\"@id\":\"https:\\\/\\\/camilacoelho.com\\\/pt-br\\\/#website\",\"url\":\"https:\\\/\\\/camilacoelho.com\\\/pt-br\\\/\",\"name\":\"Camila Coelho\",\"description\":\"beleza moda maquiagem boa forma tendencias cosmeticos\",\"potentialAction\":[{\"@type\":\"SearchAction\",\"target\":{\"@type\":\"EntryPoint\",\"urlTemplate\":\"https:\\\/\\\/camilacoelho.com\\\/pt-br\\\/?s={search_term_string}\"},\"query-input\":{\"@type\":\"PropertyValueSpecification\",\"valueRequired\":true,\"valueName\":\"search_term_string\"}}],\"inLanguage\":\"pt-BR\"},{\"@type\":\"Person\",\"@id\":\"https:\\\/\\\/camilacoelho.com\\\/pt-br\\\/#\\\/schema\\\/person\\\/d97decf4122f14c629015116b53f9169\",\"name\":\"Camila Coelho\",\"image\":{\"@type\":\"ImageObject\",\"inLanguage\":\"pt-BR\",\"@id\":\"https:\\\/\\\/secure.gravatar.com\\\/avatar\\\/fa5d674db487b12e2f7241c899a9b95400372fa1665badaf82a1e686a36fe6b2?s=96&d=mm&r=g\",\"url\":\"https:\\\/\\\/secure.gravatar.com\\\/avatar\\\/fa5d674db487b12e2f7241c899a9b95400372fa1665badaf82a1e686a36fe6b2?s=96&d=mm&r=g\",\"contentUrl\":\"https:\\\/\\\/secure.gravatar.com\\\/avatar\\\/fa5d674db487b12e2f7241c899a9b95400372fa1665badaf82a1e686a36fe6b2?s=96&d=mm&r=g\",\"caption\":\"Camila Coelho\"},\"url\":\"https:\\\/\\\/camilacoelho.com\\\/pt-br\\\/author\\\/camila\\\/\"}]}<\/script>\n<!-- \/ Yoast SEO plugin. -->","yoast_head_json":{"title":"English Video: GRWM Meu Anivers\u00e1rio em Paris | Camila Coelho","robots":{"index":"index","follow":"follow","max-snippet":"max-snippet:-1","max-image-preview":"max-image-preview:large","max-video-preview":"max-video-preview:-1"},"canonical":"https:\/\/camilacoelho.com\/pt-br\/2018\/03\/29\/english-video-grwm-meu-aniversario-em-paris\/","og_locale":"pt_BR","og_type":"article","og_title":"English Video: GRWM Meu Anivers\u00e1rio em Paris | Camila Coelho","og_description":"Meus amores! Como havia prometido, gravei um Vlog para voc\u00eas durante os meus dias em Paris para semana de moda. Este Vlog \u00e9 t\u00e3o especial para mim porque foi meu anivers\u00e1rio de 30 anos e caiu bem no dia do Show de Dior! Tive tantas surpresas lindas e inesquec\u00edveis! Espero muito que gostem!","og_url":"https:\/\/camilacoelho.com\/pt-br\/2018\/03\/29\/english-video-grwm-meu-aniversario-em-paris\/","og_site_name":"Camila Coelho","article_publisher":"https:\/\/www.facebook.com\/pages\/Camila-Figueiredo-Coelho\/161758410553702","article_published_time":"2018-03-29T19:16:27+00:00","article_modified_time":"2020-06-15T17:44:59+00:00","og_image":[{"width":480,"height":360,"url":"https:\/\/camilacoelho.com\/wp-content\/uploads\/2018\/03\/0-5.jpg","type":"image\/jpeg"}],"author":"Camila Coelho","twitter_card":"summary_large_image","twitter_creator":"@camilacoelho","twitter_site":"@camilacoelho","twitter_misc":{"Escrito por":"Camila Coelho"},"schema":{"@context":"https:\/\/schema.org","@graph":[{"@type":"Article","@id":"https:\/\/camilacoelho.com\/pt-br\/2018\/03\/29\/english-video-grwm-meu-aniversario-em-paris\/#article","isPartOf":{"@id":"https:\/\/camilacoelho.com\/pt-br\/2018\/03\/29\/english-video-grwm-meu-aniversario-em-paris\/"},"author":{"name":"Camila Coelho","@id":"https:\/\/camilacoelho.com\/pt-br\/#\/schema\/person\/d97decf4122f14c629015116b53f9169"},"headline":"English Video: GRWM Meu Anivers\u00e1rio em Paris","datePublished":"2018-03-29T19:16:27+00:00","dateModified":"2020-06-15T17:44:59+00:00","mainEntityOfPage":{"@id":"https:\/\/camilacoelho.com\/pt-br\/2018\/03\/29\/english-video-grwm-meu-aniversario-em-paris\/"},"wordCount":63,"commentCount":0,"image":{"@id":"https:\/\/camilacoelho.com\/pt-br\/2018\/03\/29\/english-video-grwm-meu-aniversario-em-paris\/#primaryimage"},"thumbnailUrl":"https:\/\/camilacoelho.com\/wp-content\/uploads\/2018\/03\/0-5.jpg","keywords":["anivers\u00e1rio","Dior","Dior show","english video","Fashion","Fashion","GRWM","GRWM","Paris","Paris Fashion Week","Vlog"],"articleSection":["Beleza","Moda","Video","Vlog"],"inLanguage":"pt-BR","potentialAction":[{"@type":"CommentAction","name":"Comment","target":["https:\/\/camilacoelho.com\/pt-br\/2018\/03\/29\/english-video-grwm-meu-aniversario-em-paris\/#respond"]}]},{"@type":"WebPage","@id":"https:\/\/camilacoelho.com\/pt-br\/2018\/03\/29\/english-video-grwm-meu-aniversario-em-paris\/","url":"https:\/\/camilacoelho.com\/pt-br\/2018\/03\/29\/english-video-grwm-meu-aniversario-em-paris\/","name":"English Video: GRWM Meu Anivers\u00e1rio em Paris | Camila Coelho","isPartOf":{"@id":"https:\/\/camilacoelho.com\/pt-br\/#website"},"primaryImageOfPage":{"@id":"https:\/\/camilacoelho.com\/pt-br\/2018\/03\/29\/english-video-grwm-meu-aniversario-em-paris\/#primaryimage"},"image":{"@id":"https:\/\/camilacoelho.com\/pt-br\/2018\/03\/29\/english-video-grwm-meu-aniversario-em-paris\/#primaryimage"},"thumbnailUrl":"https:\/\/camilacoelho.com\/wp-content\/uploads\/2018\/03\/0-5.jpg","datePublished":"2018-03-29T19:16:27+00:00","dateModified":"2020-06-15T17:44:59+00:00","author":{"@id":"https:\/\/camilacoelho.com\/pt-br\/#\/schema\/person\/d97decf4122f14c629015116b53f9169"},"breadcrumb":{"@id":"https:\/\/camilacoelho.com\/pt-br\/2018\/03\/29\/english-video-grwm-meu-aniversario-em-paris\/#breadcrumb"},"inLanguage":"pt-BR","potentialAction":[{"@type":"ReadAction","target":["https:\/\/camilacoelho.com\/pt-br\/2018\/03\/29\/english-video-grwm-meu-aniversario-em-paris\/"]}]},{"@type":"ImageObject","inLanguage":"pt-BR","@id":"https:\/\/camilacoelho.com\/pt-br\/2018\/03\/29\/english-video-grwm-meu-aniversario-em-paris\/#primaryimage","url":"https:\/\/camilacoelho.com\/wp-content\/uploads\/2018\/03\/0-5.jpg","contentUrl":"https:\/\/camilacoelho.com\/wp-content\/uploads\/2018\/03\/0-5.jpg","width":480,"height":360},{"@type":"BreadcrumbList","@id":"https:\/\/camilacoelho.com\/pt-br\/2018\/03\/29\/english-video-grwm-meu-aniversario-em-paris\/#breadcrumb","itemListElement":[{"@type":"ListItem","position":1,"name":"In\u00edcio","item":"https:\/\/camilacoelho.com\/pt-br\/"},{"@type":"ListItem","position":2,"name":"English Video: GRWM Meu Anivers\u00e1rio em Paris"}]},{"@type":"WebSite","@id":"https:\/\/camilacoelho.com\/pt-br\/#website","url":"https:\/\/camilacoelho.com\/pt-br\/","name":"Camila Coelho","description":"beleza moda maquiagem boa forma tendencias cosmeticos","potentialAction":[{"@type":"SearchAction","target":{"@type":"EntryPoint","urlTemplate":"https:\/\/camilacoelho.com\/pt-br\/?s={search_term_string}"},"query-input":{"@type":"PropertyValueSpecification","valueRequired":true,"valueName":"search_term_string"}}],"inLanguage":"pt-BR"},{"@type":"Person","@id":"https:\/\/camilacoelho.com\/pt-br\/#\/schema\/person\/d97decf4122f14c629015116b53f9169","name":"Camila Coelho","image":{"@type":"ImageObject","inLanguage":"pt-BR","@id":"https:\/\/secure.gravatar.com\/avatar\/fa5d674db487b12e2f7241c899a9b95400372fa1665badaf82a1e686a36fe6b2?s=96&d=mm&r=g","url":"https:\/\/secure.gravatar.com\/avatar\/fa5d674db487b12e2f7241c899a9b95400372fa1665badaf82a1e686a36fe6b2?s=96&d=mm&r=g","contentUrl":"https:\/\/secure.gravatar.com\/avatar\/fa5d674db487b12e2f7241c899a9b95400372fa1665badaf82a1e686a36fe6b2?s=96&d=mm&r=g","caption":"Camila Coelho"},"url":"https:\/\/camilacoelho.com\/pt-br\/author\/camila\/"}]}},"_links":{"self":[{"href":"https:\/\/camilacoelho.com\/pt-br\/wp-json\/wp\/v2\/posts\/40653","targetHints":{"allow":["GET"]}}],"collection":[{"href":"https:\/\/camilacoelho.com\/pt-br\/wp-json\/wp\/v2\/posts"}],"about":[{"href":"https:\/\/camilacoelho.com\/pt-br\/wp-json\/wp\/v2\/types\/post"}],"author":[{"embeddable":true,"href":"https:\/\/camilacoelho.com\/pt-br\/wp-json\/wp\/v2\/users\/1"}],"replies":[{"embeddable":true,"href":"https:\/\/camilacoelho.com\/pt-br\/wp-json\/wp\/v2\/comments?post=40653"}],"version-history":[{"count":0,"href":"https:\/\/camilacoelho.com\/pt-br\/wp-json\/wp\/v2\/posts\/40653\/revisions"}],"wp:featuredmedia":[{"embeddable":true,"href":"https:\/\/camilacoelho.com\/pt-br\/wp-json\/wp\/v2\/media\/35889"}],"wp:attachment":[{"href":"https:\/\/camilacoelho.com\/pt-br\/wp-json\/wp\/v2\/media?parent=40653"}],"wp:term":[{"taxonomy":"category","embeddable":true,"href":"https:\/\/camilacoelho.com\/pt-br\/wp-json\/wp\/v2\/categories?post=40653"},{"taxonomy":"post_tag","embeddable":true,"href":"https:\/\/camilacoelho.com\/pt-br\/wp-json\/wp\/v2\/tags?post=40653"}],"curies":[{"name":"wp","href":"https:\/\/api.w.org\/{rel}","templated":true}]}}