{"id":44540,"date":"2020-09-28T19:21:02","date_gmt":"2020-09-28T22:21:02","guid":{"rendered":"https:\/\/camilacoelho.com\/?p=44540"},"modified":"2020-09-28T19:21:04","modified_gmt":"2020-09-28T22:21:04","slug":"camila-coelho-collection-setembro","status":"publish","type":"post","link":"https:\/\/camilacoelho.com\/pt-br\/2020\/09\/28\/camila-coelho-collection-setembro\/","title":{"rendered":"Camila Coelho Collection: Setembro"},"content":{"rendered":"\n<p>\u00c9 dif\u00edcil acreditar, mas o outono est\u00e1 chegando &#8211; e com ele vem <em>fall fashion<\/em>. Apresentando a cole\u00e7\u00e3o Camila Coelho de setembro, uma cole\u00e7\u00e3o c\u00e1psulas de alfaiataria essenciais que permanecer\u00e3o como pe\u00e7as atemporais do guarda roupa por muitos anos. Todo mundo precisa de algumas pe\u00e7as de terno sob medida em que possam confiar, seja para uma entrevista de trabalho, reuni\u00e3o de neg\u00f3cios ou um jantar. Ternos estruturados s\u00e3o t\u00e3o atemporais quanto podem e realmente nunca saem de moda, fazendo com que voc\u00ea nunca se arrependa de comprar esses estilos.  \u00c9 por isso que a CCC quis oferecer um grupo de pe\u00e7as de alfaiataria essenciais lindamente adaptadas em uma cor cl\u00e1ssica de caramelo.<\/p>\n\n\n\n<p>Usadas juntas ou separadas, cada uma pode ser a pe\u00e7a chave para in\u00fameras combina\u00e7\u00f5es de roupas que garantem receber elogios. O <a rel=\"noreferrer noopener\" href=\"https:\/\/www.revolve.com\/camila-coelho-morena-blazer\/dp\/COEL-WO17\/?d=Womens&amp;page=1&amp;lc=3&amp;itrownum=1&amp;itcurrpage=1&amp;itview=05&amp;utm_source=blogger&amp;utm_medium=pr&amp;utm_campaign=glob_B_cccblog_09_25\" target=\"_blank\">Morena Blazer<\/a> \u00e9 um blazer de modelagem <em>oversize<\/em>, com ombreiras suaves para ainda mais estrutura, bot\u00f5es em cada punho e bolsos falsos na medida do quadril. Jogado sobre tudo, desde vestidos a camisetas e conjuntos de moletom, este blazer comp\u00f5em uma roupa instantaneamente. O <a rel=\"noreferrer noopener\" href=\"https:\/\/www.revolve.com\/camila-coelho-maricela-short\/dp\/COEL-WF10\/?d=Womens&amp;page=1&amp;lc=2&amp;itrownum=1&amp;itcurrpage=1&amp;itview=05&amp;utm_source=blogger&amp;utm_medium=pr&amp;utm_campaign=glob_B_cccblog_09_25\" target=\"_blank\">Maricela Shorts<\/a> tem silhueta de cintura ultra-alta, bolsos nas laterais e cinto preso.<\/p>\n\n\n\n  <div class='post-gallery'>\n          <figure class='img-wrap'>\n                                                  <a href=\"http:\/\/pinterest.com\/pin\/create\/button\/?url=https%3A%2F%2Fcamilacoelho.com%2Fpt-br%2F2020%2F09%2F28%2Fcamila-coelho-collection-setembro%2F&#038;media=https%3A%2F%2Fcamilacoelho.com%2Fwp-content%2Fuploads%2F2020%2F09%2FIMG_7920.jpg&#038;description=Camila+Coelho+%7C+Camila+Coelho+Collection+Morena+Blazer+%7C+Maricela+Shorts%C2%A0%7C+Seala+Sweater%C2%A0\" target=\"_blank\" data-network=\"pinterest\" class=\"pin-it share-icon\">\n    <svg class=\"pi-alt\"><use xlink:href=\"#pi-alt\"><\/use><\/svg> Pin  <\/a>\n        <div class=\"image-wrapper\"><div class=\"lazy-image-placeholder\" style=\"padding-bottom: 119.537037037%;\"><img data-src=\"https:\/\/camilacoelho.com\/wp-content\/uploads\/2020\/09\/IMG_7920-475x568.jpg\" data-retina=\"https:\/\/camilacoelho.com\/wp-content\/uploads\/2020\/09\/IMG_7920-475x568@2x.jpg\" alt=\"Camila Coelho Collection: September\" class=\"lazy-image\" \/><\/div><\/div>                  <figcaption><p>Camila Coelho Collection <a href=\"https:\/\/www.revolve.com\/camila-coelho-morena-blazer\/dp\/COEL-WO17\/?d=Womens&amp;page=1&amp;lc=3&amp;itrownum=1&amp;itcurrpage=1&amp;itview=05&amp;utm_source=blogger&amp;utm_medium=pr&amp;utm_campaign=glob_B_cccblog_09_25\" target=\"_blank\" rel=\"noopener\">Morena Blazer<\/a> | <a href=\"https:\/\/www.revolve.com\/camila-coelho-maricela-short\/dp\/COEL-WF10\/?d=Womens&amp;page=1&amp;lc=2&amp;itrownum=1&amp;itcurrpage=1&amp;itview=05&amp;utm_source=blogger&amp;utm_medium=pr&amp;utm_campaign=glob_B_cccblog_09_25\" target=\"_blank\" rel=\"noopener\">Maricela Shorts<\/a>\u00a0| <a href=\"https:\/\/www.revolve.com\/camila-coelho-seala-sweater\/dp\/COEL-WK24\/?d=Womens&amp;page=1&amp;lc=6&amp;itrownum=2&amp;itcurrpage=1&amp;itview=05\" target=\"_blank\" rel=\"noopener\">Seala Sweater\u00a0<\/a><\/p>\n<\/figcaption>\n              <\/figure>\n          <figure class='img-wrap'>\n                                                  <a href=\"http:\/\/pinterest.com\/pin\/create\/button\/?url=https%3A%2F%2Fcamilacoelho.com%2Fpt-br%2F2020%2F09%2F28%2Fcamila-coelho-collection-setembro%2F&#038;media=https%3A%2F%2Fcamilacoelho.com%2Fwp-content%2Fuploads%2F2020%2F09%2FIMG_0483.jpg&#038;description=Camila+Coelho+%7C+Camila+Coelho+Collection%3A+Setembro\" target=\"_blank\" data-network=\"pinterest\" class=\"pin-it share-icon\">\n    <svg class=\"pi-alt\"><use xlink:href=\"#pi-alt\"><\/use><\/svg> Pin  <\/a>\n        <div class=\"image-wrapper\"><div class=\"lazy-image-placeholder\" style=\"padding-bottom: 128.401253918%;\"><img data-src=\"https:\/\/camilacoelho.com\/wp-content\/uploads\/2020\/09\/IMG_0483-475x610.jpg\" data-retina=\"https:\/\/camilacoelho.com\/wp-content\/uploads\/2020\/09\/IMG_0483-475x610@2x.jpg\" alt=\"Camila Coelho Collection: September\" class=\"lazy-image\" \/><\/div><\/div>              <\/figure>\n      <\/div>\n\n\n\n<p>A <a rel=\"noreferrer noopener\" href=\"https:\/\/www.revolve.com\/camila-coelho-azora-pant\/dp\/COEL-WP29\/?d=Womens&amp;page=1&amp;lc=4&amp;itrownum=1&amp;itcurrpage=1&amp;itview=05\" target=\"_blank\">Azora Pants<\/a>  \u00e9 uma cal\u00e7a perfeita sob medida &#8211; cintura alta, cinto com cobertura pr\u00f3pria, bolsos e um ajuste fino nas pernas que v\u00e3o at\u00e9 os tornozelos. Ela fica t\u00e3o chique com su\u00e9teres e camisetas quanto com um blazer jogado por cima. A pe\u00e7a essencial final desta cole\u00e7\u00e3o \u00e9 o <a rel=\"noreferrer noopener\" href=\"https:\/\/www.revolve.com\/camila-coelho-davide-blazer-dress\/dp\/COEL-WD99\/?d=Womens&amp;page=1&amp;lc=1&amp;itrownum=1&amp;itcurrpage=1&amp;itview=05&amp;utm_source=blogger&amp;utm_medium=pr&amp;utm_campaign=glob_B_cccblog_09_25\" target=\"_blank\">Davide Blazer Dress<\/a>, com decote em V, bolsos de debrum na cintura e um cinto largo que se cinta na cintura. \u00c9 a pe\u00e7a perfeita para jogar por cima e sair que parece chique mas com o m\u00ednimo de esfor\u00e7o &#8211; e combina lindamente com botas e saltos.<\/p>\n\n\n\n  <div class='post-gallery'>\n          <figure class='img-wrap'>\n                                                  <a href=\"http:\/\/pinterest.com\/pin\/create\/button\/?url=https%3A%2F%2Fcamilacoelho.com%2Fpt-br%2F2020%2F09%2F28%2Fcamila-coelho-collection-setembro%2F&#038;media=https%3A%2F%2Fcamilacoelho.com%2Fwp-content%2Fuploads%2F2020%2F09%2FIMG_0484.jpg&#038;description=Camila+Coelho+%7C+Camila+Coelho+Collection+Morena+Blazer+%7C+Azora+Pants\" target=\"_blank\" data-network=\"pinterest\" class=\"pin-it share-icon\">\n    <svg class=\"pi-alt\"><use xlink:href=\"#pi-alt\"><\/use><\/svg> Pin  <\/a>\n        <div class=\"image-wrapper\"><div class=\"lazy-image-placeholder\" style=\"padding-bottom: 133.3984375%;\"><img data-src=\"https:\/\/camilacoelho.com\/wp-content\/uploads\/2020\/09\/IMG_0484-475x634.jpg\" data-retina=\"https:\/\/camilacoelho.com\/wp-content\/uploads\/2020\/09\/IMG_0484-475x634@2x.jpg\" alt=\"Camila Coelho Collection: September\" class=\"lazy-image\" \/><\/div><\/div>                  <figcaption><p>Camila Coelho Collection <a href=\"https:\/\/www.revolve.com\/camila-coelho-morena-blazer\/dp\/COEL-WO17\/?d=Womens&amp;page=1&amp;lc=3&amp;itrownum=1&amp;itcurrpage=1&amp;itview=05&amp;utm_source=blogger&amp;utm_medium=pr&amp;utm_campaign=glob_B_cccblog_09_25\" target=\"_blank\" rel=\"noopener\">Morena Blazer<\/a> | <a href=\"https:\/\/www.revolve.com\/camila-coelho-azora-pant\/dp\/COEL-WP29\/?d=Womens&amp;page=1&amp;lc=4&amp;itrownum=1&amp;itcurrpage=1&amp;itview=05&amp;utm_source=blogger&amp;utm_medium=pr&amp;utm_campaign=glob_B_cccblog_09_25\" target=\"_blank\" rel=\"noopener\">Azora Pants<\/a><\/p>\n<\/figcaption>\n              <\/figure>\n          <figure class='img-wrap'>\n                                                  <a href=\"http:\/\/pinterest.com\/pin\/create\/button\/?url=https%3A%2F%2Fcamilacoelho.com%2Fpt-br%2F2020%2F09%2F28%2Fcamila-coelho-collection-setembro%2F&#038;media=https%3A%2F%2Fcamilacoelho.com%2Fwp-content%2Fuploads%2F2020%2F09%2FIMG_7921.jpg&#038;description=Camila+Coelho+%7C+Davide+Blazer+Dress\" target=\"_blank\" data-network=\"pinterest\" class=\"pin-it share-icon\">\n    <svg class=\"pi-alt\"><use xlink:href=\"#pi-alt\"><\/use><\/svg> Pin  <\/a>\n        <div class=\"image-wrapper\"><div class=\"lazy-image-placeholder\" style=\"padding-bottom: 149.953139644%;\"><img data-src=\"https:\/\/camilacoelho.com\/wp-content\/uploads\/2020\/09\/IMG_7921-475x712.jpg\" data-retina=\"https:\/\/camilacoelho.com\/wp-content\/uploads\/2020\/09\/IMG_7921-475x712@2x.jpg\" alt=\"Camila Coelho Collection: September\" class=\"lazy-image\" \/><\/div><\/div>                  <figcaption><p><a href=\"https:\/\/www.revolve.com\/camila-coelho-davide-blazer-dress\/dp\/COEL-WD99\/?d=Womens&amp;page=1&amp;lc=1&amp;itrownum=1&amp;itcurrpage=1&amp;itview=05&amp;utm_source=blogger&amp;utm_medium=pr&amp;utm_campaign=glob_B_cccblog_09_25\" target=\"_blank\" rel=\"noopener\">Davide Blazer Dress<\/a><\/p>\n<\/figcaption>\n              <\/figure>\n      <\/div>\n\n\n\n  <div class='prod-grid-widget '>\n    <h2>Compre As Pe\u00e7as de Alfaiataria Bege:  <\/h2>\n    <div class='prod-grid'>\n                                                              <div class='prod'>\n                      <a href='https:\/\/www.revolve.com\/camila-coelho-davide-blazer-dress\/dp\/COEL-WD99\/?d=Womens&#038;page=1&#038;lc=1&#038;itrownum=1&#038;itcurrpage=1&#038;itview=05&#038;utm_source=blogger&#038;utm_medium=pr&#038;utm_campaign=glob_B_cccblog_09_25' target='_blank'>\n              <div class=\"image-wrapper\"><div class=\"lazy-image-placeholder\" style=\"padding-bottom: 151.041666667%;\"><img data-src=\"https:\/\/camilacoelho.com\/wp-content\/uploads\/2020\/09\/COEL-WD99_V1-119x180.jpg\" data-retina=\"https:\/\/camilacoelho.com\/wp-content\/uploads\/2020\/09\/COEL-WD99_V1-119x180@2x.jpg\" alt=\"\" class=\"lazy-image\" \/><\/div><\/div>            <\/a>\n                                <h4><a href='https:\/\/www.revolve.com\/camila-coelho-davide-blazer-dress\/dp\/COEL-WD99\/?d=Womens&#038;page=1&#038;lc=1&#038;itrownum=1&#038;itcurrpage=1&#038;itview=05&#038;utm_source=blogger&#038;utm_medium=pr&#038;utm_campaign=glob_B_cccblog_09_25' target='_blank'>Camila Coelho Collection<\/a><\/h4>\n                                <h3>\n                              <a href='https:\/\/www.revolve.com\/camila-coelho-davide-blazer-dress\/dp\/COEL-WD99\/?d=Womens&#038;page=1&#038;lc=1&#038;itrownum=1&#038;itcurrpage=1&#038;itview=05&#038;utm_source=blogger&#038;utm_medium=pr&#038;utm_campaign=glob_B_cccblog_09_25' target='_blank'>\n                  Davide Blazer Dress                                      <span>\u2013 $228.00<\/span>\n                                  <\/a>\n                          <\/h3>\n                  <\/div>\n                                                              <div class='prod'>\n                      <a href='https:\/\/www.revolve.com\/camila-coelho-maricela-short\/dp\/COEL-WF10\/?d=Womens&#038;page=1&#038;lc=2&#038;itrownum=1&#038;itcurrpage=1&#038;itview=05&#038;utm_source=blogger&#038;utm_medium=pr&#038;utm_campaign=glob_B_cccblog_09_25' target='_blank'>\n              <div class=\"image-wrapper\"><div class=\"lazy-image-placeholder\" style=\"padding-bottom: 151.041666667%;\"><img data-src=\"https:\/\/camilacoelho.com\/wp-content\/uploads\/2020\/09\/COEL-WF10_V1-119x180.jpg\" data-retina=\"https:\/\/camilacoelho.com\/wp-content\/uploads\/2020\/09\/COEL-WF10_V1-119x180@2x.jpg\" alt=\"\" class=\"lazy-image\" \/><\/div><\/div>            <\/a>\n                                <h4><a href='https:\/\/www.revolve.com\/camila-coelho-maricela-short\/dp\/COEL-WF10\/?d=Womens&#038;page=1&#038;lc=2&#038;itrownum=1&#038;itcurrpage=1&#038;itview=05&#038;utm_source=blogger&#038;utm_medium=pr&#038;utm_campaign=glob_B_cccblog_09_25' target='_blank'>Camila Coelho Collection<\/a><\/h4>\n                                <h3>\n                              <a href='https:\/\/www.revolve.com\/camila-coelho-maricela-short\/dp\/COEL-WF10\/?d=Womens&#038;page=1&#038;lc=2&#038;itrownum=1&#038;itcurrpage=1&#038;itview=05&#038;utm_source=blogger&#038;utm_medium=pr&#038;utm_campaign=glob_B_cccblog_09_25' target='_blank'>\n                  Maricela Short                                      <span>\u2013 $138.00<\/span>\n                                  <\/a>\n                          <\/h3>\n                  <\/div>\n                                                              <div class='prod'>\n                      <a href='https:\/\/www.revolve.com\/camila-coelho-morena-blazer\/dp\/COEL-WO17\/?d=Womens&#038;page=1&#038;lc=3&#038;itrownum=1&#038;itcurrpage=1&#038;itview=05&#038;utm_source=blogger&#038;utm_medium=pr&#038;utm_campaign=glob_B_cccblog_09_25' target='_blank'>\n              <div class=\"image-wrapper\"><div class=\"lazy-image-placeholder\" style=\"padding-bottom: 151.041666667%;\"><img data-src=\"https:\/\/camilacoelho.com\/wp-content\/uploads\/2020\/09\/COEL-WO17_V1-119x180.jpg\" data-retina=\"https:\/\/camilacoelho.com\/wp-content\/uploads\/2020\/09\/COEL-WO17_V1-119x180@2x.jpg\" alt=\"\" class=\"lazy-image\" \/><\/div><\/div>            <\/a>\n                                <h4><a href='https:\/\/www.revolve.com\/camila-coelho-morena-blazer\/dp\/COEL-WO17\/?d=Womens&#038;page=1&#038;lc=3&#038;itrownum=1&#038;itcurrpage=1&#038;itview=05&#038;utm_source=blogger&#038;utm_medium=pr&#038;utm_campaign=glob_B_cccblog_09_25' target='_blank'>Camila Coelho Collection<\/a><\/h4>\n                                <h3>\n                              <a href='https:\/\/www.revolve.com\/camila-coelho-morena-blazer\/dp\/COEL-WO17\/?d=Womens&#038;page=1&#038;lc=3&#038;itrownum=1&#038;itcurrpage=1&#038;itview=05&#038;utm_source=blogger&#038;utm_medium=pr&#038;utm_campaign=glob_B_cccblog_09_25' target='_blank'>\n                  Morena Blazer                                      <span>\u2013 $198.00<\/span>\n                                  <\/a>\n                          <\/h3>\n                  <\/div>\n                                                              <div class='prod'>\n                      <a href='https:\/\/www.revolve.com\/camila-coelho-azora-pant\/dp\/COEL-WP29\/?d=Womens&#038;page=1&#038;lc=4&#038;itrownum=1&#038;itcurrpage=1&#038;itview=05&#038;utm_source=blogger&#038;utm_medium=pr&#038;utm_campaign=glob_B_cccblog_09_25' target='_blank'>\n              <div class=\"image-wrapper\"><div class=\"lazy-image-placeholder\" style=\"padding-bottom: 151.041666667%;\"><img data-src=\"https:\/\/camilacoelho.com\/wp-content\/uploads\/2020\/09\/COEL-WP29_V1-119x180.jpg\" data-retina=\"https:\/\/camilacoelho.com\/wp-content\/uploads\/2020\/09\/COEL-WP29_V1-119x180@2x.jpg\" alt=\"\" class=\"lazy-image\" \/><\/div><\/div>            <\/a>\n                                <h4><a href='https:\/\/www.revolve.com\/camila-coelho-azora-pant\/dp\/COEL-WP29\/?d=Womens&#038;page=1&#038;lc=4&#038;itrownum=1&#038;itcurrpage=1&#038;itview=05&#038;utm_source=blogger&#038;utm_medium=pr&#038;utm_campaign=glob_B_cccblog_09_25' target='_blank'>Camila Coelho Collection<\/a><\/h4>\n                                <h3>\n                              <a href='https:\/\/www.revolve.com\/camila-coelho-azora-pant\/dp\/COEL-WP29\/?d=Womens&#038;page=1&#038;lc=4&#038;itrownum=1&#038;itcurrpage=1&#038;itview=05&#038;utm_source=blogger&#038;utm_medium=pr&#038;utm_campaign=glob_B_cccblog_09_25' target='_blank'>\n                  Azora Pants                                      <span>\u2013 $168.00<\/span>\n                                  <\/a>\n                          <\/h3>\n                  <\/div>\n          <\/div>\n  <\/div>\n\n\n\n<p>Qual \u00e9 a sua pe\u00e7a favorita? Conta pra gente nos coment\u00e1rios abaixo!<\/p>\n","protected":false},"excerpt":{"rendered":"<p>\u00c9 dif\u00edcil acreditar, mas o outono est\u00e1 chegando &#8211; e com ele vem fall fashion. Apresentando a cole\u00e7\u00e3o Camila Coelho de setembro, uma cole\u00e7\u00e3o c\u00e1psulas de alfaiataria essenciais que permanecer\u00e3o como pe\u00e7as atemporais do guarda roupa por muitos anos. Todo mundo precisa de algumas pe\u00e7as de terno sob medida em que possam confiar, seja para [&hellip;]<\/p>\n","protected":false},"author":13,"featured_media":44517,"comment_status":"open","ping_status":"open","sticky":false,"template":"","format":"standard","meta":{"_acf_changed":false,"footnotes":""},"categories":[192],"tags":[2167,2857],"class_list":["post-44540","post","type-post","status-publish","format-standard","has-post-thumbnail","hentry","category-linha-camila-coelho","tag-moda-pt-br-2","tag-new-launch-pt-br-2"],"acf":[],"yoast_head":"<!-- This site is optimized with the Yoast SEO plugin v27.4 - https:\/\/yoast.com\/product\/yoast-seo-wordpress\/ -->\n<title>Camila Coelho Collection: Setembro | Camila Coelho<\/title>\n<meta name=\"description\" content=\"Apresentando a cole\u00e7\u00e3o Camila Coelho de setembro, uma cole\u00e7\u00e3o c\u00e1psulas de alfaiataria essenciais que permanecer\u00e3o como pe\u00e7as atemporais do guarda roupa por muitos anos. Ternos estruturados s\u00e3o t\u00e3o atemporais quanto podem e realmente nunca saem de moda, fazendo com que voc\u00ea nunca se arrependa de comprar esses estilos.\" \/>\n<meta name=\"robots\" content=\"index, follow, max-snippet:-1, max-image-preview:large, max-video-preview:-1\" \/>\n<link rel=\"canonical\" href=\"https:\/\/camilacoelho.com\/pt-br\/2020\/09\/28\/camila-coelho-collection-setembro\/\" \/>\n<meta property=\"og:locale\" content=\"pt_BR\" \/>\n<meta property=\"og:type\" content=\"article\" \/>\n<meta property=\"og:title\" content=\"Camila Coelho Collection: Setembro | Camila Coelho\" \/>\n<meta property=\"og:description\" content=\"Apresentando a cole\u00e7\u00e3o Camila Coelho de setembro, uma cole\u00e7\u00e3o c\u00e1psulas de alfaiataria essenciais que permanecer\u00e3o como pe\u00e7as atemporais do guarda roupa por muitos anos. Ternos estruturados s\u00e3o t\u00e3o atemporais quanto podem e realmente nunca saem de moda, fazendo com que voc\u00ea nunca se arrependa de comprar esses estilos.\" \/>\n<meta property=\"og:url\" content=\"https:\/\/camilacoelho.com\/pt-br\/2020\/09\/28\/camila-coelho-collection-setembro\/\" \/>\n<meta property=\"og:site_name\" content=\"Camila Coelho\" \/>\n<meta property=\"article:publisher\" content=\"https:\/\/www.facebook.com\/pages\/Camila-Figueiredo-Coelho\/161758410553702\" \/>\n<meta property=\"article:published_time\" content=\"2020-09-28T22:21:02+00:00\" \/>\n<meta property=\"article:modified_time\" content=\"2020-09-28T22:21:04+00:00\" \/>\n<meta property=\"og:image\" content=\"https:\/\/camilacoelho.com\/wp-content\/uploads\/2020\/09\/IMG_0481.jpg\" \/>\n\t<meta property=\"og:image:width\" content=\"1720\" \/>\n\t<meta property=\"og:image:height\" content=\"2048\" \/>\n\t<meta property=\"og:image:type\" content=\"image\/jpeg\" \/>\n<meta name=\"author\" content=\"Caitlin Burnett\" \/>\n<meta name=\"twitter:card\" content=\"summary_large_image\" \/>\n<meta name=\"twitter:creator\" content=\"@camilacoelho\" \/>\n<meta name=\"twitter:site\" content=\"@camilacoelho\" \/>\n<meta name=\"twitter:label1\" content=\"Escrito por\" \/>\n\t<meta name=\"twitter:data1\" content=\"Caitlin Burnett\" \/>\n\t<meta name=\"twitter:label2\" content=\"Est. tempo de leitura\" \/>\n\t<meta name=\"twitter:data2\" content=\"2 minutos\" \/>\n<script type=\"application\/ld+json\" class=\"yoast-schema-graph\">{\"@context\":\"https:\\\/\\\/schema.org\",\"@graph\":[{\"@type\":\"Article\",\"@id\":\"https:\\\/\\\/camilacoelho.com\\\/pt-br\\\/2020\\\/09\\\/28\\\/camila-coelho-collection-setembro\\\/#article\",\"isPartOf\":{\"@id\":\"https:\\\/\\\/camilacoelho.com\\\/pt-br\\\/2020\\\/09\\\/28\\\/camila-coelho-collection-setembro\\\/\"},\"author\":{\"name\":\"Caitlin Burnett\",\"@id\":\"https:\\\/\\\/camilacoelho.com\\\/pt-br\\\/#\\\/schema\\\/person\\\/3291f0e2ecbb2c62287f059a05663282\"},\"headline\":\"Camila Coelho Collection: Setembro\",\"datePublished\":\"2020-09-28T22:21:02+00:00\",\"dateModified\":\"2020-09-28T22:21:04+00:00\",\"mainEntityOfPage\":{\"@id\":\"https:\\\/\\\/camilacoelho.com\\\/pt-br\\\/2020\\\/09\\\/28\\\/camila-coelho-collection-setembro\\\/\"},\"wordCount\":328,\"commentCount\":0,\"image\":{\"@id\":\"https:\\\/\\\/camilacoelho.com\\\/pt-br\\\/2020\\\/09\\\/28\\\/camila-coelho-collection-setembro\\\/#primaryimage\"},\"thumbnailUrl\":\"https:\\\/\\\/camilacoelho.com\\\/wp-content\\\/uploads\\\/2020\\\/09\\\/IMG_0481.jpg\",\"keywords\":[\"Moda\",\"new launch\"],\"articleSection\":[\"Linha Camila Coelho\"],\"inLanguage\":\"pt-BR\",\"potentialAction\":[{\"@type\":\"CommentAction\",\"name\":\"Comment\",\"target\":[\"https:\\\/\\\/camilacoelho.com\\\/pt-br\\\/2020\\\/09\\\/28\\\/camila-coelho-collection-setembro\\\/#respond\"]}]},{\"@type\":\"WebPage\",\"@id\":\"https:\\\/\\\/camilacoelho.com\\\/pt-br\\\/2020\\\/09\\\/28\\\/camila-coelho-collection-setembro\\\/\",\"url\":\"https:\\\/\\\/camilacoelho.com\\\/pt-br\\\/2020\\\/09\\\/28\\\/camila-coelho-collection-setembro\\\/\",\"name\":\"Camila Coelho Collection: Setembro | Camila Coelho\",\"isPartOf\":{\"@id\":\"https:\\\/\\\/camilacoelho.com\\\/pt-br\\\/#website\"},\"primaryImageOfPage\":{\"@id\":\"https:\\\/\\\/camilacoelho.com\\\/pt-br\\\/2020\\\/09\\\/28\\\/camila-coelho-collection-setembro\\\/#primaryimage\"},\"image\":{\"@id\":\"https:\\\/\\\/camilacoelho.com\\\/pt-br\\\/2020\\\/09\\\/28\\\/camila-coelho-collection-setembro\\\/#primaryimage\"},\"thumbnailUrl\":\"https:\\\/\\\/camilacoelho.com\\\/wp-content\\\/uploads\\\/2020\\\/09\\\/IMG_0481.jpg\",\"datePublished\":\"2020-09-28T22:21:02+00:00\",\"dateModified\":\"2020-09-28T22:21:04+00:00\",\"author\":{\"@id\":\"https:\\\/\\\/camilacoelho.com\\\/pt-br\\\/#\\\/schema\\\/person\\\/3291f0e2ecbb2c62287f059a05663282\"},\"description\":\"Apresentando a cole\u00e7\u00e3o Camila Coelho de setembro, uma cole\u00e7\u00e3o c\u00e1psulas de alfaiataria essenciais que permanecer\u00e3o como pe\u00e7as atemporais do guarda roupa por muitos anos. Ternos estruturados s\u00e3o t\u00e3o atemporais quanto podem e realmente nunca saem de moda, fazendo com que voc\u00ea nunca se arrependa de comprar esses estilos.\",\"breadcrumb\":{\"@id\":\"https:\\\/\\\/camilacoelho.com\\\/pt-br\\\/2020\\\/09\\\/28\\\/camila-coelho-collection-setembro\\\/#breadcrumb\"},\"inLanguage\":\"pt-BR\",\"potentialAction\":[{\"@type\":\"ReadAction\",\"target\":[\"https:\\\/\\\/camilacoelho.com\\\/pt-br\\\/2020\\\/09\\\/28\\\/camila-coelho-collection-setembro\\\/\"]}]},{\"@type\":\"ImageObject\",\"inLanguage\":\"pt-BR\",\"@id\":\"https:\\\/\\\/camilacoelho.com\\\/pt-br\\\/2020\\\/09\\\/28\\\/camila-coelho-collection-setembro\\\/#primaryimage\",\"url\":\"https:\\\/\\\/camilacoelho.com\\\/wp-content\\\/uploads\\\/2020\\\/09\\\/IMG_0481.jpg\",\"contentUrl\":\"https:\\\/\\\/camilacoelho.com\\\/wp-content\\\/uploads\\\/2020\\\/09\\\/IMG_0481.jpg\",\"width\":1720,\"height\":2048,\"caption\":\"Camila Coelho Collection: September\"},{\"@type\":\"BreadcrumbList\",\"@id\":\"https:\\\/\\\/camilacoelho.com\\\/pt-br\\\/2020\\\/09\\\/28\\\/camila-coelho-collection-setembro\\\/#breadcrumb\",\"itemListElement\":[{\"@type\":\"ListItem\",\"position\":1,\"name\":\"In\u00edcio\",\"item\":\"https:\\\/\\\/camilacoelho.com\\\/pt-br\\\/\"},{\"@type\":\"ListItem\",\"position\":2,\"name\":\"Camila Coelho Collection: Setembro\"}]},{\"@type\":\"WebSite\",\"@id\":\"https:\\\/\\\/camilacoelho.com\\\/pt-br\\\/#website\",\"url\":\"https:\\\/\\\/camilacoelho.com\\\/pt-br\\\/\",\"name\":\"Camila Coelho\",\"description\":\"beleza moda maquiagem boa forma tendencias cosmeticos\",\"potentialAction\":[{\"@type\":\"SearchAction\",\"target\":{\"@type\":\"EntryPoint\",\"urlTemplate\":\"https:\\\/\\\/camilacoelho.com\\\/pt-br\\\/?s={search_term_string}\"},\"query-input\":{\"@type\":\"PropertyValueSpecification\",\"valueRequired\":true,\"valueName\":\"search_term_string\"}}],\"inLanguage\":\"pt-BR\"},{\"@type\":\"Person\",\"@id\":\"https:\\\/\\\/camilacoelho.com\\\/pt-br\\\/#\\\/schema\\\/person\\\/3291f0e2ecbb2c62287f059a05663282\",\"name\":\"Caitlin Burnett\",\"image\":{\"@type\":\"ImageObject\",\"inLanguage\":\"pt-BR\",\"@id\":\"https:\\\/\\\/secure.gravatar.com\\\/avatar\\\/607fabe857a65f7e818ba666197c3326b882442e65d1d9d6f2136a9585a613bb?s=96&d=mm&r=g\",\"url\":\"https:\\\/\\\/secure.gravatar.com\\\/avatar\\\/607fabe857a65f7e818ba666197c3326b882442e65d1d9d6f2136a9585a613bb?s=96&d=mm&r=g\",\"contentUrl\":\"https:\\\/\\\/secure.gravatar.com\\\/avatar\\\/607fabe857a65f7e818ba666197c3326b882442e65d1d9d6f2136a9585a613bb?s=96&d=mm&r=g\",\"caption\":\"Caitlin Burnett\"},\"url\":\"https:\\\/\\\/camilacoelho.com\\\/pt-br\\\/author\\\/caitlin\\\/\"}]}<\/script>\n<!-- \/ Yoast SEO plugin. -->","yoast_head_json":{"title":"Camila Coelho Collection: Setembro | Camila Coelho","description":"Apresentando a cole\u00e7\u00e3o Camila Coelho de setembro, uma cole\u00e7\u00e3o c\u00e1psulas de alfaiataria essenciais que permanecer\u00e3o como pe\u00e7as atemporais do guarda roupa por muitos anos. Ternos estruturados s\u00e3o t\u00e3o atemporais quanto podem e realmente nunca saem de moda, fazendo com que voc\u00ea nunca se arrependa de comprar esses estilos.","robots":{"index":"index","follow":"follow","max-snippet":"max-snippet:-1","max-image-preview":"max-image-preview:large","max-video-preview":"max-video-preview:-1"},"canonical":"https:\/\/camilacoelho.com\/pt-br\/2020\/09\/28\/camila-coelho-collection-setembro\/","og_locale":"pt_BR","og_type":"article","og_title":"Camila Coelho Collection: Setembro | Camila Coelho","og_description":"Apresentando a cole\u00e7\u00e3o Camila Coelho de setembro, uma cole\u00e7\u00e3o c\u00e1psulas de alfaiataria essenciais que permanecer\u00e3o como pe\u00e7as atemporais do guarda roupa por muitos anos. Ternos estruturados s\u00e3o t\u00e3o atemporais quanto podem e realmente nunca saem de moda, fazendo com que voc\u00ea nunca se arrependa de comprar esses estilos.","og_url":"https:\/\/camilacoelho.com\/pt-br\/2020\/09\/28\/camila-coelho-collection-setembro\/","og_site_name":"Camila Coelho","article_publisher":"https:\/\/www.facebook.com\/pages\/Camila-Figueiredo-Coelho\/161758410553702","article_published_time":"2020-09-28T22:21:02+00:00","article_modified_time":"2020-09-28T22:21:04+00:00","og_image":[{"width":1720,"height":2048,"url":"https:\/\/camilacoelho.com\/wp-content\/uploads\/2020\/09\/IMG_0481.jpg","type":"image\/jpeg"}],"author":"Caitlin Burnett","twitter_card":"summary_large_image","twitter_creator":"@camilacoelho","twitter_site":"@camilacoelho","twitter_misc":{"Escrito por":"Caitlin Burnett","Est. tempo de leitura":"2 minutos"},"schema":{"@context":"https:\/\/schema.org","@graph":[{"@type":"Article","@id":"https:\/\/camilacoelho.com\/pt-br\/2020\/09\/28\/camila-coelho-collection-setembro\/#article","isPartOf":{"@id":"https:\/\/camilacoelho.com\/pt-br\/2020\/09\/28\/camila-coelho-collection-setembro\/"},"author":{"name":"Caitlin Burnett","@id":"https:\/\/camilacoelho.com\/pt-br\/#\/schema\/person\/3291f0e2ecbb2c62287f059a05663282"},"headline":"Camila Coelho Collection: Setembro","datePublished":"2020-09-28T22:21:02+00:00","dateModified":"2020-09-28T22:21:04+00:00","mainEntityOfPage":{"@id":"https:\/\/camilacoelho.com\/pt-br\/2020\/09\/28\/camila-coelho-collection-setembro\/"},"wordCount":328,"commentCount":0,"image":{"@id":"https:\/\/camilacoelho.com\/pt-br\/2020\/09\/28\/camila-coelho-collection-setembro\/#primaryimage"},"thumbnailUrl":"https:\/\/camilacoelho.com\/wp-content\/uploads\/2020\/09\/IMG_0481.jpg","keywords":["Moda","new launch"],"articleSection":["Linha Camila Coelho"],"inLanguage":"pt-BR","potentialAction":[{"@type":"CommentAction","name":"Comment","target":["https:\/\/camilacoelho.com\/pt-br\/2020\/09\/28\/camila-coelho-collection-setembro\/#respond"]}]},{"@type":"WebPage","@id":"https:\/\/camilacoelho.com\/pt-br\/2020\/09\/28\/camila-coelho-collection-setembro\/","url":"https:\/\/camilacoelho.com\/pt-br\/2020\/09\/28\/camila-coelho-collection-setembro\/","name":"Camila Coelho Collection: Setembro | Camila Coelho","isPartOf":{"@id":"https:\/\/camilacoelho.com\/pt-br\/#website"},"primaryImageOfPage":{"@id":"https:\/\/camilacoelho.com\/pt-br\/2020\/09\/28\/camila-coelho-collection-setembro\/#primaryimage"},"image":{"@id":"https:\/\/camilacoelho.com\/pt-br\/2020\/09\/28\/camila-coelho-collection-setembro\/#primaryimage"},"thumbnailUrl":"https:\/\/camilacoelho.com\/wp-content\/uploads\/2020\/09\/IMG_0481.jpg","datePublished":"2020-09-28T22:21:02+00:00","dateModified":"2020-09-28T22:21:04+00:00","author":{"@id":"https:\/\/camilacoelho.com\/pt-br\/#\/schema\/person\/3291f0e2ecbb2c62287f059a05663282"},"description":"Apresentando a cole\u00e7\u00e3o Camila Coelho de setembro, uma cole\u00e7\u00e3o c\u00e1psulas de alfaiataria essenciais que permanecer\u00e3o como pe\u00e7as atemporais do guarda roupa por muitos anos. Ternos estruturados s\u00e3o t\u00e3o atemporais quanto podem e realmente nunca saem de moda, fazendo com que voc\u00ea nunca se arrependa de comprar esses estilos.","breadcrumb":{"@id":"https:\/\/camilacoelho.com\/pt-br\/2020\/09\/28\/camila-coelho-collection-setembro\/#breadcrumb"},"inLanguage":"pt-BR","potentialAction":[{"@type":"ReadAction","target":["https:\/\/camilacoelho.com\/pt-br\/2020\/09\/28\/camila-coelho-collection-setembro\/"]}]},{"@type":"ImageObject","inLanguage":"pt-BR","@id":"https:\/\/camilacoelho.com\/pt-br\/2020\/09\/28\/camila-coelho-collection-setembro\/#primaryimage","url":"https:\/\/camilacoelho.com\/wp-content\/uploads\/2020\/09\/IMG_0481.jpg","contentUrl":"https:\/\/camilacoelho.com\/wp-content\/uploads\/2020\/09\/IMG_0481.jpg","width":1720,"height":2048,"caption":"Camila Coelho Collection: September"},{"@type":"BreadcrumbList","@id":"https:\/\/camilacoelho.com\/pt-br\/2020\/09\/28\/camila-coelho-collection-setembro\/#breadcrumb","itemListElement":[{"@type":"ListItem","position":1,"name":"In\u00edcio","item":"https:\/\/camilacoelho.com\/pt-br\/"},{"@type":"ListItem","position":2,"name":"Camila Coelho Collection: Setembro"}]},{"@type":"WebSite","@id":"https:\/\/camilacoelho.com\/pt-br\/#website","url":"https:\/\/camilacoelho.com\/pt-br\/","name":"Camila Coelho","description":"beleza moda maquiagem boa forma tendencias cosmeticos","potentialAction":[{"@type":"SearchAction","target":{"@type":"EntryPoint","urlTemplate":"https:\/\/camilacoelho.com\/pt-br\/?s={search_term_string}"},"query-input":{"@type":"PropertyValueSpecification","valueRequired":true,"valueName":"search_term_string"}}],"inLanguage":"pt-BR"},{"@type":"Person","@id":"https:\/\/camilacoelho.com\/pt-br\/#\/schema\/person\/3291f0e2ecbb2c62287f059a05663282","name":"Caitlin Burnett","image":{"@type":"ImageObject","inLanguage":"pt-BR","@id":"https:\/\/secure.gravatar.com\/avatar\/607fabe857a65f7e818ba666197c3326b882442e65d1d9d6f2136a9585a613bb?s=96&d=mm&r=g","url":"https:\/\/secure.gravatar.com\/avatar\/607fabe857a65f7e818ba666197c3326b882442e65d1d9d6f2136a9585a613bb?s=96&d=mm&r=g","contentUrl":"https:\/\/secure.gravatar.com\/avatar\/607fabe857a65f7e818ba666197c3326b882442e65d1d9d6f2136a9585a613bb?s=96&d=mm&r=g","caption":"Caitlin Burnett"},"url":"https:\/\/camilacoelho.com\/pt-br\/author\/caitlin\/"}]}},"_links":{"self":[{"href":"https:\/\/camilacoelho.com\/pt-br\/wp-json\/wp\/v2\/posts\/44540","targetHints":{"allow":["GET"]}}],"collection":[{"href":"https:\/\/camilacoelho.com\/pt-br\/wp-json\/wp\/v2\/posts"}],"about":[{"href":"https:\/\/camilacoelho.com\/pt-br\/wp-json\/wp\/v2\/types\/post"}],"author":[{"embeddable":true,"href":"https:\/\/camilacoelho.com\/pt-br\/wp-json\/wp\/v2\/users\/13"}],"replies":[{"embeddable":true,"href":"https:\/\/camilacoelho.com\/pt-br\/wp-json\/wp\/v2\/comments?post=44540"}],"version-history":[{"count":0,"href":"https:\/\/camilacoelho.com\/pt-br\/wp-json\/wp\/v2\/posts\/44540\/revisions"}],"wp:featuredmedia":[{"embeddable":true,"href":"https:\/\/camilacoelho.com\/pt-br\/wp-json\/wp\/v2\/media\/44517"}],"wp:attachment":[{"href":"https:\/\/camilacoelho.com\/pt-br\/wp-json\/wp\/v2\/media?parent=44540"}],"wp:term":[{"taxonomy":"category","embeddable":true,"href":"https:\/\/camilacoelho.com\/pt-br\/wp-json\/wp\/v2\/categories?post=44540"},{"taxonomy":"post_tag","embeddable":true,"href":"https:\/\/camilacoelho.com\/pt-br\/wp-json\/wp\/v2\/tags?post=44540"}],"curies":[{"name":"wp","href":"https:\/\/api.w.org\/{rel}","templated":true}]}}